{"id":4150,"date":"2024-02-02T16:22:00","date_gmt":"2024-02-02T16:22:00","guid":{"rendered":"https:\/\/ceceg.usac.edu.gt\/?p=4150"},"modified":"2024-09-12T17:29:09","modified_gmt":"2024-09-12T17:29:09","slug":"boletin-230","status":"publish","type":"post","link":"https:\/\/ceceg.usac.edu.gt\/index.php\/2024\/02\/02\/boletin-230\/","title":{"rendered":"BOLETIN 230"},"content":{"rendered":"<div class=\"wp-block-image\">\n<figure class=\"aligncenter size-large is-resized\"><img loading=\"lazy\" decoding=\"async\" width=\"773\" height=\"1024\" src=\"https:\/\/ceceg.usac.edu.gt\/wp-content\/uploads\/2024\/09\/BO230-773x1024.jpg\" alt=\"\" class=\"wp-image-4151\" style=\"width:618px;height:auto\" srcset=\"https:\/\/ceceg.usac.edu.gt\/wp-content\/uploads\/2024\/09\/BO230-773x1024.jpg 773w, https:\/\/ceceg.usac.edu.gt\/wp-content\/uploads\/2024\/09\/BO230-227x300.jpg 227w, https:\/\/ceceg.usac.edu.gt\/wp-content\/uploads\/2024\/09\/BO230-768x1017.jpg 768w, https:\/\/ceceg.usac.edu.gt\/wp-content\/uploads\/2024\/09\/BO230-1160x1536.jpg 1160w, https:\/\/ceceg.usac.edu.gt\/wp-content\/uploads\/2024\/09\/BO230.jpg 1275w\" sizes=\"auto, (max-width: 773px) 100vw, 773px\" \/><\/figure>\n<\/div>\n\n\n<p><strong>El Sagrado Coraz\u00f3n de Jes\u00fas en el Mercado Col\u00f3n de la ciudad de Guatemala<\/strong><\/p>\n\n\n\n<p><strong>Autor:\u00a0Deyvid Molina<\/strong><\/p>\n\n\n\n<div data-wp-interactive=\"core\/file\" class=\"wp-block-file\"><object data-wp-bind--hidden=\"!state.hasPdfPreview\" hidden class=\"wp-block-file__embed\" data=\"https:\/\/ceceg.usac.edu.gt\/wp-content\/uploads\/2024\/02\/230.pdf\" type=\"application\/pdf\" style=\"width:100%;height:600px\" aria-label=\"Incrustado de 230.\"><\/object><a id=\"wp-block-file--media-5c1d918f-2a23-4ac5-86f2-24b5e6bfa1f8\" href=\"https:\/\/ceceg.usac.edu.gt\/wp-content\/uploads\/2024\/02\/230.pdf\">230<\/a><a href=\"https:\/\/ceceg.usac.edu.gt\/wp-content\/uploads\/2024\/02\/230.pdf\" class=\"wp-block-file__button wp-element-button\" download aria-describedby=\"wp-block-file--media-5c1d918f-2a23-4ac5-86f2-24b5e6bfa1f8\">Descarga<\/a><\/div>\n","protected":false},"excerpt":{"rendered":"<p>El Sagrado Coraz\u00f3n de Jes\u00fas en el Mercado Col\u00f3n de la ciudad de Guatemala Autor:\u00a0Deyvid Molina<\/p>\n","protected":false},"author":2,"featured_media":0,"comment_status":"closed","ping_status":"closed","sticky":false,"template":"","format":"standard","meta":{"footnotes":""},"categories":[11],"tags":[],"class_list":{"0":"post-4150","1":"post","2":"type-post","3":"status-publish","4":"format-standard","6":"category-boletinlatradicionpopular","7":"czr-hentry"},"_links":{"self":[{"href":"https:\/\/ceceg.usac.edu.gt\/index.php\/wp-json\/wp\/v2\/posts\/4150","targetHints":{"allow":["GET"]}}],"collection":[{"href":"https:\/\/ceceg.usac.edu.gt\/index.php\/wp-json\/wp\/v2\/posts"}],"about":[{"href":"https:\/\/ceceg.usac.edu.gt\/index.php\/wp-json\/wp\/v2\/types\/post"}],"author":[{"embeddable":true,"href":"https:\/\/ceceg.usac.edu.gt\/index.php\/wp-json\/wp\/v2\/users\/2"}],"replies":[{"embeddable":true,"href":"https:\/\/ceceg.usac.edu.gt\/index.php\/wp-json\/wp\/v2\/comments?post=4150"}],"version-history":[{"count":2,"href":"https:\/\/ceceg.usac.edu.gt\/index.php\/wp-json\/wp\/v2\/posts\/4150\/revisions"}],"predecessor-version":[{"id":4155,"href":"https:\/\/ceceg.usac.edu.gt\/index.php\/wp-json\/wp\/v2\/posts\/4150\/revisions\/4155"}],"wp:attachment":[{"href":"https:\/\/ceceg.usac.edu.gt\/index.php\/wp-json\/wp\/v2\/media?parent=4150"}],"wp:term":[{"taxonomy":"category","embeddable":true,"href":"https:\/\/ceceg.usac.edu.gt\/index.php\/wp-json\/wp\/v2\/categories?post=4150"},{"taxonomy":"post_tag","embeddable":true,"href":"https:\/\/ceceg.usac.edu.gt\/index.php\/wp-json\/wp\/v2\/tags?post=4150"}],"curies":[{"name":"wp","href":"https:\/\/api.w.org\/{rel}","templated":true}]}}