{"id":4132,"date":"2024-02-02T19:02:00","date_gmt":"2024-02-02T19:02:00","guid":{"rendered":"https:\/\/ceceg.usac.edu.gt\/?p=4132"},"modified":"2026-09-02T20:23:16","modified_gmt":"2026-09-02T20:23:16","slug":"boletin-233","status":"publish","type":"post","link":"https:\/\/ceceg.usac.edu.gt\/index.php\/2024\/02\/02\/boletin-233\/","title":{"rendered":"BOLETIN 233"},"content":{"rendered":"<div class=\"wp-block-image\">\n<figure class=\"aligncenter size-large is-resized\"><img loading=\"lazy\" decoding=\"async\" width=\"773\" height=\"1024\" src=\"https:\/\/ceceg.usac.edu.gt\/wp-content\/uploads\/2024\/09\/BO233-773x1024.jpg\" alt=\"\" class=\"wp-image-4133\" style=\"width:571px;height:auto\" srcset=\"https:\/\/ceceg.usac.edu.gt\/wp-content\/uploads\/2024\/09\/BO233-773x1024.jpg 773w, https:\/\/ceceg.usac.edu.gt\/wp-content\/uploads\/2024\/09\/BO233-227x300.jpg 227w, https:\/\/ceceg.usac.edu.gt\/wp-content\/uploads\/2024\/09\/BO233-768x1017.jpg 768w, https:\/\/ceceg.usac.edu.gt\/wp-content\/uploads\/2024\/09\/BO233-1160x1536.jpg 1160w, https:\/\/ceceg.usac.edu.gt\/wp-content\/uploads\/2024\/09\/BO233.jpg 1275w\" sizes=\"auto, (max-width: 773px) 100vw, 773px\" \/><\/figure>\n<\/div>\n\n\n<p class=\"wp-block-paragraph\"><strong>Desarrollo de la cofrad\u00eda en Guatemala en el siglo XVI<\/strong><\/p>\n\n\n\n<p class=\"wp-block-paragraph\"><strong>AUTOR:\u00a0<\/strong>Abraham Israel Sol\u00f3rzano Vega<\/p>\n\n\n\n<p class=\"wp-block-paragraph\"><strong>A\u00d1O:<\/strong> 2019<\/p>\n\n\n\n<p class=\"wp-block-paragraph\"><strong>RESUMEN:<\/strong> <\/p>\n\n\n\n<p class=\"has-text-align-center wp-block-paragraph\">El presente trabajo, est\u00e1 enfocado hacia la<br>explicaci\u00f3n del desarrollo de la cofrad\u00eda en<br>Guatemala durante el siglo XVI y, adem\u00e1s,<br>pretende dar a conocer algunos pormenores de<br>la forma que adopt\u00f3 al ser trasladada de Espa\u00f1a<br>hacia Guatemala espec\u00edficamente. En el desarrollo del texto, se aportan datos en relaci\u00f3n<br>con la manera en que fue implementada en<br>Guatemala, as\u00ed como las principales funciones<br>que cumpli\u00f3.<\/p>\n\n\n\n<p class=\"wp-block-paragraph\">P<strong>ALABRAS CLAVES:<\/strong> cofrad\u00edas, siglo XVI, traslado a Am\u00e9rica y Guatemala, desarrollo, per\u00edodo colonial.<\/p>\n\n\n\n<div data-wp-interactive=\"core\/file\" class=\"wp-block-file\"><object data-wp-bind--hidden=\"!state.hasPdfPreview\" hidden class=\"wp-block-file__embed\" data=\"https:\/\/ceceg.usac.edu.gt\/wp-content\/uploads\/2024\/02\/233.pdf\" type=\"application\/pdf\" style=\"width:100%;height:600px\" aria-label=\"Incrustado de 233.\"><\/object><a id=\"wp-block-file--media-f887ae50-b30d-4690-a40f-927481cd5d57\" href=\"https:\/\/ceceg.usac.edu.gt\/wp-content\/uploads\/2024\/02\/233.pdf\">233<\/a><a href=\"https:\/\/ceceg.usac.edu.gt\/wp-content\/uploads\/2024\/02\/233.pdf\" class=\"wp-block-file__button wp-element-button\" download aria-describedby=\"wp-block-file--media-f887ae50-b30d-4690-a40f-927481cd5d57\">Descarga<\/a><\/div>\n","protected":false},"excerpt":{"rendered":"<p>Desarrollo de la cofrad\u00eda en Guatemala en el siglo XVI AUTOR:\u00a0Abraham Israel Sol\u00f3rzano Vega A\u00d1O: 2019 RESUMEN: El presente trabajo, est\u00e1 enfocado hacia laexplicaci\u00f3n del desarrollo de la cofrad\u00eda enGuatemala durante el siglo XVI y, adem\u00e1s,pretende dar a conocer algunos pormenores dela forma que adopt\u00f3 al ser trasladada de Espa\u00f1ahacia Guatemala espec\u00edficamente. En el desarrollo [&hellip;]<\/p>\n","protected":false},"author":2,"featured_media":0,"comment_status":"closed","ping_status":"closed","sticky":false,"template":"","format":"standard","meta":{"footnotes":""},"categories":[11],"tags":[],"class_list":["post-4132","post","type-post","status-publish","format-standard","category-boletinlatradicionpopular","czr-hentry"],"_links":{"self":[{"href":"https:\/\/ceceg.usac.edu.gt\/index.php\/wp-json\/wp\/v2\/posts\/4132","targetHints":{"allow":["GET"]}}],"collection":[{"href":"https:\/\/ceceg.usac.edu.gt\/index.php\/wp-json\/wp\/v2\/posts"}],"about":[{"href":"https:\/\/ceceg.usac.edu.gt\/index.php\/wp-json\/wp\/v2\/types\/post"}],"author":[{"embeddable":true,"href":"https:\/\/ceceg.usac.edu.gt\/index.php\/wp-json\/wp\/v2\/users\/2"}],"replies":[{"embeddable":true,"href":"https:\/\/ceceg.usac.edu.gt\/index.php\/wp-json\/wp\/v2\/comments?post=4132"}],"version-history":[{"count":3,"href":"https:\/\/ceceg.usac.edu.gt\/index.php\/wp-json\/wp\/v2\/posts\/4132\/revisions"}],"predecessor-version":[{"id":7497,"href":"https:\/\/ceceg.usac.edu.gt\/index.php\/wp-json\/wp\/v2\/posts\/4132\/revisions\/7497"}],"wp:attachment":[{"href":"https:\/\/ceceg.usac.edu.gt\/index.php\/wp-json\/wp\/v2\/media?parent=4132"}],"wp:term":[{"taxonomy":"category","embeddable":true,"href":"https:\/\/ceceg.usac.edu.gt\/index.php\/wp-json\/wp\/v2\/categories?post=4132"},{"taxonomy":"post_tag","embeddable":true,"href":"https:\/\/ceceg.usac.edu.gt\/index.php\/wp-json\/wp\/v2\/tags?post=4132"}],"curies":[{"name":"wp","href":"https:\/\/api.w.org\/{rel}","templated":true}]}}