{"id":4120,"date":"2024-02-02T21:43:00","date_gmt":"2024-02-02T21:43:00","guid":{"rendered":"https:\/\/ceceg.usac.edu.gt\/?p=4120"},"modified":"2026-09-02T20:15:00","modified_gmt":"2026-09-02T20:15:00","slug":"boletin-235","status":"publish","type":"post","link":"https:\/\/ceceg.usac.edu.gt\/index.php\/2024\/02\/02\/boletin-235\/","title":{"rendered":"BOLETIN 235"},"content":{"rendered":"<div class=\"wp-block-image\">\n<figure class=\"aligncenter size-large is-resized\"><img loading=\"lazy\" decoding=\"async\" width=\"773\" height=\"1024\" src=\"https:\/\/ceceg.usac.edu.gt\/wp-content\/uploads\/2024\/09\/BO235-773x1024.jpg\" alt=\"\" class=\"wp-image-4121\" style=\"width:567px;height:auto\" srcset=\"https:\/\/ceceg.usac.edu.gt\/wp-content\/uploads\/2024\/09\/BO235-773x1024.jpg 773w, https:\/\/ceceg.usac.edu.gt\/wp-content\/uploads\/2024\/09\/BO235-227x300.jpg 227w, https:\/\/ceceg.usac.edu.gt\/wp-content\/uploads\/2024\/09\/BO235-768x1017.jpg 768w, https:\/\/ceceg.usac.edu.gt\/wp-content\/uploads\/2024\/09\/BO235-1160x1536.jpg 1160w, https:\/\/ceceg.usac.edu.gt\/wp-content\/uploads\/2024\/09\/BO235.jpg 1275w\" sizes=\"auto, (max-width: 773px) 100vw, 773px\" \/><\/figure>\n<\/div>\n\n\n<p class=\"wp-block-paragraph\"><strong>Fiestas populares del Ni\u00f1o del Sant\u00edsimo de la ciudad de Quetzaltenango<\/strong><\/p>\n\n\n\n<p class=\"wp-block-paragraph\"><strong>AUTOR:\u00a0<\/strong>Erick Fernando Garc\u00eda Alvarado<\/p>\n\n\n\n<p class=\"wp-block-paragraph\"><strong>A\u00d1O: <\/strong>2019<\/p>\n\n\n\n<p class=\"wp-block-paragraph\"><strong>RESUMEN:<\/strong> <\/p>\n\n\n\n<p class=\"has-text-align-center wp-block-paragraph\">En este art\u00edculo se describen algunos aspectos<br>culturales de las fiestas populares que giran<br>alrededor de la imagen del Ni\u00f1o del Sant\u00edsima, venerado por miembros de la cofrad\u00eda del<br>mismo nombre en la ciudad de Quetzaltenango,<br>particularmente elementos de la cultura k\u2019iche\u2019<br>adaptados a la religi\u00f3n cat\u00f3lica.<\/p>\n\n\n\n<p class=\"wp-block-paragraph\"><strong>PALABRAS CLAVES:<\/strong> Fiesta, tradici\u00f3n, religiosidad popular, devoci\u00f3n, identidad, cofrad\u00eda, Ni\u00f1o del Sant\u00edsimo.<\/p>\n\n\n\n<div data-wp-interactive=\"core\/file\" class=\"wp-block-file\"><object data-wp-bind--hidden=\"!state.hasPdfPreview\" hidden class=\"wp-block-file__embed\" data=\"https:\/\/ceceg.usac.edu.gt\/wp-content\/uploads\/2024\/02\/235.pdf\" type=\"application\/pdf\" style=\"width:100%;height:600px\" aria-label=\"Incrustado de 235.\"><\/object><a id=\"wp-block-file--media-6afe1acb-d504-46a1-b5e0-49e54da74f7e\" href=\"https:\/\/ceceg.usac.edu.gt\/wp-content\/uploads\/2024\/02\/235.pdf\">235<\/a><a href=\"https:\/\/ceceg.usac.edu.gt\/wp-content\/uploads\/2024\/02\/235.pdf\" class=\"wp-block-file__button wp-element-button\" download aria-describedby=\"wp-block-file--media-6afe1acb-d504-46a1-b5e0-49e54da74f7e\">Descarga<\/a><\/div>\n","protected":false},"excerpt":{"rendered":"<p>Fiestas populares del Ni\u00f1o del Sant\u00edsimo de la ciudad de Quetzaltenango AUTOR:\u00a0Erick Fernando Garc\u00eda Alvarado A\u00d1O: 2019 RESUMEN: En este art\u00edculo se describen algunos aspectosculturales de las fiestas populares que giranalrededor de la imagen del Ni\u00f1o del Sant\u00edsima, venerado por miembros de la cofrad\u00eda delmismo nombre en la ciudad de Quetzaltenango,particularmente elementos de la cultura [&hellip;]<\/p>\n","protected":false},"author":2,"featured_media":0,"comment_status":"closed","ping_status":"closed","sticky":false,"template":"","format":"standard","meta":{"footnotes":""},"categories":[11],"tags":[],"class_list":["post-4120","post","type-post","status-publish","format-standard","category-boletinlatradicionpopular","czr-hentry"],"_links":{"self":[{"href":"https:\/\/ceceg.usac.edu.gt\/index.php\/wp-json\/wp\/v2\/posts\/4120","targetHints":{"allow":["GET"]}}],"collection":[{"href":"https:\/\/ceceg.usac.edu.gt\/index.php\/wp-json\/wp\/v2\/posts"}],"about":[{"href":"https:\/\/ceceg.usac.edu.gt\/index.php\/wp-json\/wp\/v2\/types\/post"}],"author":[{"embeddable":true,"href":"https:\/\/ceceg.usac.edu.gt\/index.php\/wp-json\/wp\/v2\/users\/2"}],"replies":[{"embeddable":true,"href":"https:\/\/ceceg.usac.edu.gt\/index.php\/wp-json\/wp\/v2\/comments?post=4120"}],"version-history":[{"count":3,"href":"https:\/\/ceceg.usac.edu.gt\/index.php\/wp-json\/wp\/v2\/posts\/4120\/revisions"}],"predecessor-version":[{"id":7493,"href":"https:\/\/ceceg.usac.edu.gt\/index.php\/wp-json\/wp\/v2\/posts\/4120\/revisions\/7493"}],"wp:attachment":[{"href":"https:\/\/ceceg.usac.edu.gt\/index.php\/wp-json\/wp\/v2\/media?parent=4120"}],"wp:term":[{"taxonomy":"category","embeddable":true,"href":"https:\/\/ceceg.usac.edu.gt\/index.php\/wp-json\/wp\/v2\/categories?post=4120"},{"taxonomy":"post_tag","embeddable":true,"href":"https:\/\/ceceg.usac.edu.gt\/index.php\/wp-json\/wp\/v2\/tags?post=4120"}],"curies":[{"name":"wp","href":"https:\/\/api.w.org\/{rel}","templated":true}]}}