{"id":4103,"date":"2024-02-03T14:07:00","date_gmt":"2024-02-03T14:07:00","guid":{"rendered":"https:\/\/ceceg.usac.edu.gt\/?p=4103"},"modified":"2026-09-02T20:07:30","modified_gmt":"2026-09-02T20:07:30","slug":"boletin-238","status":"publish","type":"post","link":"https:\/\/ceceg.usac.edu.gt\/index.php\/2024\/02\/03\/boletin-238\/","title":{"rendered":"BOLETIN 238"},"content":{"rendered":"\n<figure class=\"wp-block-image size-large\"><img loading=\"lazy\" decoding=\"async\" width=\"786\" height=\"1024\" src=\"https:\/\/ceceg.usac.edu.gt\/wp-content\/uploads\/2024\/09\/BO238-786x1024.jpg\" alt=\"\" class=\"wp-image-4104\" srcset=\"https:\/\/ceceg.usac.edu.gt\/wp-content\/uploads\/2024\/09\/BO238-786x1024.jpg 786w, https:\/\/ceceg.usac.edu.gt\/wp-content\/uploads\/2024\/09\/BO238-230x300.jpg 230w, https:\/\/ceceg.usac.edu.gt\/wp-content\/uploads\/2024\/09\/BO238-768x1001.jpg 768w, https:\/\/ceceg.usac.edu.gt\/wp-content\/uploads\/2024\/09\/BO238-1179x1536.jpg 1179w, https:\/\/ceceg.usac.edu.gt\/wp-content\/uploads\/2024\/09\/BO238.jpg 1238w\" sizes=\"auto, (max-width: 786px) 100vw, 786px\" \/><\/figure>\n\n\n\n<p class=\"wp-block-paragraph\"><strong>Arquitectura patrimonial en el Cementerio Municipal de Mixco<\/strong><\/p>\n\n\n\n<p class=\"wp-block-paragraph\"><strong>AUTOR:\u00a0<\/strong>An\u00edbal Dionisio Chaj\u00f3n Flores<\/p>\n\n\n\n<p class=\"wp-block-paragraph\"><strong>A\u00d1O:<\/strong> 2020<\/p>\n\n\n\n<p class=\"wp-block-paragraph\"><strong>RESUMEN:<\/strong><\/p>\n\n\n\n<p class=\"has-text-align-center wp-block-paragraph\">El tratamiento que se da a los seres amados que<br>han fallecido es una de las manifestaciones culturales m\u00e1s relevantes en todas las sociedades.<br>De esa cuenta, en Mixco, desde 1832, se ha<br>utilizado como necr\u00f3polis el espacio adyacente<br>al templo del Calvario, construido en 1819, y<br>convertido en Cementerio Municipal en 1888.<br>As\u00ed, se han levantado en su interior mausoleos<br>y panteones en estilo historicista, especialmente<br>neocl\u00e1sicos y algunos con elementos neog\u00f3ticos, as\u00ed como aquellos que deben su valor a la<br>antig\u00fcedad que poseen.<\/p>\n\n\n\n<p class=\"wp-block-paragraph\"><strong>PALABRAS CLAVES: <\/strong>cementerio, Mixco, mausoleo, pante\u00f3n, arte.<\/p>\n\n\n\n<div data-wp-interactive=\"core\/file\" class=\"wp-block-file\"><object data-wp-bind--hidden=\"!state.hasPdfPreview\" hidden class=\"wp-block-file__embed\" data=\"https:\/\/ceceg.usac.edu.gt\/wp-content\/uploads\/2024\/09\/238.pdf\" type=\"application\/pdf\" style=\"width:100%;height:600px\" aria-label=\"Incrustado de 238.\"><\/object><a id=\"wp-block-file--media-da1e9a31-ea41-4c1e-9034-0e07d66808a8\" href=\"https:\/\/ceceg.usac.edu.gt\/wp-content\/uploads\/2024\/09\/238.pdf\">238<\/a><a href=\"https:\/\/ceceg.usac.edu.gt\/wp-content\/uploads\/2024\/09\/238.pdf\" class=\"wp-block-file__button wp-element-button\" download aria-describedby=\"wp-block-file--media-da1e9a31-ea41-4c1e-9034-0e07d66808a8\">Descarga<\/a><\/div>\n","protected":false},"excerpt":{"rendered":"<p>Arquitectura patrimonial en el Cementerio Municipal de Mixco AUTOR:\u00a0An\u00edbal Dionisio Chaj\u00f3n Flores A\u00d1O: 2020 RESUMEN: El tratamiento que se da a los seres amados quehan fallecido es una de las manifestaciones culturales m\u00e1s relevantes en todas las sociedades.De esa cuenta, en Mixco, desde 1832, se hautilizado como necr\u00f3polis el espacio adyacenteal templo del Calvario, construido [&hellip;]<\/p>\n","protected":false},"author":2,"featured_media":0,"comment_status":"closed","ping_status":"closed","sticky":false,"template":"","format":"standard","meta":{"footnotes":""},"categories":[11],"tags":[],"class_list":["post-4103","post","type-post","status-publish","format-standard","category-boletinlatradicionpopular","czr-hentry"],"_links":{"self":[{"href":"https:\/\/ceceg.usac.edu.gt\/index.php\/wp-json\/wp\/v2\/posts\/4103","targetHints":{"allow":["GET"]}}],"collection":[{"href":"https:\/\/ceceg.usac.edu.gt\/index.php\/wp-json\/wp\/v2\/posts"}],"about":[{"href":"https:\/\/ceceg.usac.edu.gt\/index.php\/wp-json\/wp\/v2\/types\/post"}],"author":[{"embeddable":true,"href":"https:\/\/ceceg.usac.edu.gt\/index.php\/wp-json\/wp\/v2\/users\/2"}],"replies":[{"embeddable":true,"href":"https:\/\/ceceg.usac.edu.gt\/index.php\/wp-json\/wp\/v2\/comments?post=4103"}],"version-history":[{"count":2,"href":"https:\/\/ceceg.usac.edu.gt\/index.php\/wp-json\/wp\/v2\/posts\/4103\/revisions"}],"predecessor-version":[{"id":7487,"href":"https:\/\/ceceg.usac.edu.gt\/index.php\/wp-json\/wp\/v2\/posts\/4103\/revisions\/7487"}],"wp:attachment":[{"href":"https:\/\/ceceg.usac.edu.gt\/index.php\/wp-json\/wp\/v2\/media?parent=4103"}],"wp:term":[{"taxonomy":"category","embeddable":true,"href":"https:\/\/ceceg.usac.edu.gt\/index.php\/wp-json\/wp\/v2\/categories?post=4103"},{"taxonomy":"post_tag","embeddable":true,"href":"https:\/\/ceceg.usac.edu.gt\/index.php\/wp-json\/wp\/v2\/tags?post=4103"}],"curies":[{"name":"wp","href":"https:\/\/api.w.org\/{rel}","templated":true}]}}