{"id":2710,"date":"2024-01-18T15:17:00","date_gmt":"2024-01-18T15:17:00","guid":{"rendered":"https:\/\/ceceg.usac.edu.gt\/?p=2710"},"modified":"2024-06-11T19:01:17","modified_gmt":"2024-06-11T19:01:17","slug":"tradiciones-de-guatemala-65","status":"publish","type":"post","link":"https:\/\/ceceg.usac.edu.gt\/index.php\/2024\/01\/18\/tradiciones-de-guatemala-65\/","title":{"rendered":"TRADICIONES DE GUATEMALA 65"},"content":{"rendered":"<div class=\"wp-block-image\">\n<figure class=\"aligncenter size-large is-resized\"><img loading=\"lazy\" decoding=\"async\" width=\"782\" height=\"1024\" src=\"https:\/\/ceceg.usac.edu.gt\/wp-content\/uploads\/2024\/06\/65-782x1024.jpg\" alt=\"\" class=\"wp-image-2711\" style=\"width:585px;height:auto\" srcset=\"https:\/\/ceceg.usac.edu.gt\/wp-content\/uploads\/2024\/06\/65-782x1024.jpg 782w, https:\/\/ceceg.usac.edu.gt\/wp-content\/uploads\/2024\/06\/65-229x300.jpg 229w, https:\/\/ceceg.usac.edu.gt\/wp-content\/uploads\/2024\/06\/65-768x1005.jpg 768w, https:\/\/ceceg.usac.edu.gt\/wp-content\/uploads\/2024\/06\/65-1174x1536.jpg 1174w, https:\/\/ceceg.usac.edu.gt\/wp-content\/uploads\/2024\/06\/65-1565x2048.jpg 1565w, https:\/\/ceceg.usac.edu.gt\/wp-content\/uploads\/2024\/06\/65.jpg 1904w\" sizes=\"auto, (max-width: 782px) 100vw, 782px\" \/><\/figure>\n<\/div>\n\n\n<h3 class=\"wp-block-heading has-white-color has-luminous-vivid-orange-background-color has-text-color has-background has-link-color wp-elements-1\" style=\"font-size:17px\"><strong>Autor:<\/strong> Celso Arnoldo Lara Figueroa \/ <strong>Investigador<\/strong><\/h3>\n\n\n\n<div class=\"wp-block-columns is-layout-flex wp-container-core-columns-is-layout-8f761849 wp-block-columns-is-layout-flex\">\n<div class=\"wp-block-column is-layout-flow wp-block-column-is-layout-flow\">\n<p class=\"has-vivid-cyan-blue-color has-text-color has-link-color wp-elements-2 wp-block-paragraph\"><strong><em>Publicado en <\/em>2006<\/strong><\/p>\n\n\n\n<h4 class=\"wp-block-heading\">Tema<\/h4>\n\n\n\n<p class=\"has-vivid-green-cyan-color has-text-color has-link-color has-medium-font-size wp-elements-3 wp-block-paragraph\"><strong><em><strong><strong><strong><strong><strong><strong><strong><strong><strong><strong><strong><strong><strong><strong><strong><strong><strong><strong><strong><strong><strong><strong><strong><strong><strong><strong><strong><strong><strong><strong><strong>La investigaci\u00f3n en la Universidad de San Carlos de Guatemala, La DIGI y su contexto hist\u00f3rico.<\/strong><\/strong><\/strong><\/strong><\/strong><\/strong><\/strong><\/strong><\/strong><\/strong><\/strong><\/strong><\/strong><\/strong><\/strong><\/strong><\/strong><\/strong><\/strong><\/strong><\/strong><\/strong><\/strong><\/strong><\/strong><\/strong><\/strong><\/strong><\/strong><\/strong><\/strong><\/em><\/strong><\/p>\n<\/div>\n\n\n\n<div class=\"wp-block-column is-vertically-aligned-bottom is-layout-flow wp-block-column-is-layout-flow\">\n<div class=\"wp-block-buttons is-content-justification-right is-layout-flex wp-container-core-buttons-is-layout-1029689a wp-block-buttons-is-layout-flex\">\n<div class=\"wp-block-button\"><a class=\"wp-block-button__link has-white-color has-black-background-color has-text-color has-background has-link-color wp-element-button\" href=\"https:\/\/ceceg.usac.edu.gt\/wp-content\/uploads\/2024\/06\/1-2.pdf\" style=\"border-radius:0px\" target=\"_blank\" rel=\"noreferrer noopener\">Descargar Documento PDF<\/a><\/div>\n<\/div>\n<\/div>\n<\/div>\n\n\n\n<h3 class=\"wp-block-heading has-white-color has-luminous-vivid-orange-background-color has-text-color has-background has-link-color wp-elements-4\" style=\"font-size:17px\"><strong>Autor:<\/strong> Carlos Ren\u00e9 Garc\u00eda Escobar \/ <strong>Investigador<\/strong><\/h3>\n\n\n\n<div class=\"wp-block-columns is-layout-flex wp-container-core-columns-is-layout-8f761849 wp-block-columns-is-layout-flex\">\n<div class=\"wp-block-column is-layout-flow wp-block-column-is-layout-flow\">\n<p class=\"has-vivid-cyan-blue-color has-text-color has-link-color wp-elements-5 wp-block-paragraph\"><strong><em>Publicado en <\/em>2006<\/strong><\/p>\n\n\n\n<h4 class=\"wp-block-heading\">Tema<\/h4>\n\n\n\n<p class=\"has-vivid-green-cyan-color has-text-color has-link-color has-medium-font-size wp-elements-6 wp-block-paragraph\"><strong><em><strong><strong><strong><strong><strong><strong><strong><strong><strong><strong><strong><strong><strong><strong><strong><strong><strong><strong><strong><strong><strong><strong><strong><strong><strong><strong><strong><strong><strong><strong><strong><strong>Acerca de la est\u00e9tica en la danza tradicional del sur de Mesoam\u00e9rica<\/strong><\/strong><\/strong><\/strong><\/strong><\/strong><\/strong><\/strong><\/strong><\/strong><\/strong><\/strong><\/strong><\/strong><\/strong><\/strong><\/strong><\/strong><\/strong><\/strong><\/strong><\/strong><\/strong><\/strong><\/strong><\/strong><\/strong><\/strong><\/strong><\/strong><\/strong><\/strong><\/em><\/strong><\/p>\n<\/div>\n\n\n\n<div class=\"wp-block-column is-vertically-aligned-bottom is-layout-flow wp-block-column-is-layout-flow\">\n<div class=\"wp-block-buttons is-content-justification-right is-layout-flex wp-container-core-buttons-is-layout-1029689a wp-block-buttons-is-layout-flex\">\n<div class=\"wp-block-button\"><a class=\"wp-block-button__link has-white-color has-black-background-color has-text-color has-background has-link-color wp-element-button\" href=\"https:\/\/ceceg.usac.edu.gt\/wp-content\/uploads\/2024\/06\/2-3.pdf\" style=\"border-radius:0px\" target=\"_blank\" rel=\"noreferrer noopener\">Descargar Documento PDF<\/a><\/div>\n<\/div>\n<\/div>\n<\/div>\n\n\n\n<h3 class=\"wp-block-heading has-white-color has-luminous-vivid-orange-background-color has-text-color has-background has-link-color wp-elements-7\" style=\"font-size:17px\"><strong>Autor:<\/strong> Aracely Esquivel V\u00e1squez \/ <strong>Investigadora<\/strong><\/h3>\n\n\n\n<div class=\"wp-block-columns is-layout-flex wp-container-core-columns-is-layout-8f761849 wp-block-columns-is-layout-flex\">\n<div class=\"wp-block-column is-layout-flow wp-block-column-is-layout-flow\">\n<p class=\"has-vivid-cyan-blue-color has-text-color has-link-color wp-elements-8 wp-block-paragraph\"><strong><em>Publicado en <\/em>2006<\/strong><\/p>\n\n\n\n<h4 class=\"wp-block-heading\">Tema<\/h4>\n\n\n\n<p class=\"has-vivid-green-cyan-color has-text-color has-link-color has-medium-font-size wp-elements-9 wp-block-paragraph\"><strong><em><strong><strong><strong><strong><strong><strong><strong><strong><strong><strong><strong><strong><strong><strong><strong><strong><strong><strong><strong><strong><strong><strong><strong><strong><strong><strong><strong><strong><strong><strong><strong><strong><strong>Romer\u00eda al Cristo negro de Flores, Pet\u00e9n<\/strong><\/strong><\/strong><\/strong><\/strong><\/strong><\/strong><\/strong><\/strong><\/strong><\/strong><\/strong><\/strong><\/strong><\/strong><\/strong><\/strong><\/strong><\/strong><\/strong><\/strong><\/strong><\/strong><\/strong><\/strong><\/strong><\/strong><\/strong><\/strong><\/strong><\/strong><\/strong><\/strong><\/em><\/strong><\/p>\n<\/div>\n\n\n\n<div class=\"wp-block-column is-vertically-aligned-bottom is-layout-flow wp-block-column-is-layout-flow\">\n<div class=\"wp-block-buttons is-content-justification-right is-layout-flex wp-container-core-buttons-is-layout-1029689a wp-block-buttons-is-layout-flex\">\n<div class=\"wp-block-button\"><a class=\"wp-block-button__link has-white-color has-black-background-color has-text-color has-background has-link-color wp-element-button\" href=\"https:\/\/ceceg.usac.edu.gt\/wp-content\/uploads\/2024\/06\/3-3.pdf\" style=\"border-radius:0px\" target=\"_blank\" rel=\"noreferrer noopener\">Descargar Documento PDF<\/a><\/div>\n<\/div>\n<\/div>\n<\/div>\n\n\n\n<h3 class=\"wp-block-heading has-white-color has-luminous-vivid-orange-background-color has-text-color has-background has-link-color wp-elements-10\" style=\"font-size:17px\"><strong>Autor:<\/strong> Enrique Anleu D\u00edaz \/ <strong>Investigador<\/strong><\/h3>\n\n\n\n<div class=\"wp-block-columns is-layout-flex wp-container-core-columns-is-layout-8f761849 wp-block-columns-is-layout-flex\">\n<div class=\"wp-block-column is-layout-flow wp-block-column-is-layout-flow\">\n<p class=\"has-vivid-cyan-blue-color has-text-color has-link-color wp-elements-11 wp-block-paragraph\"><strong><em>Publicado en <\/em>2006<\/strong><\/p>\n\n\n\n<h4 class=\"wp-block-heading\">Tema<\/h4>\n\n\n\n<p class=\"has-vivid-green-cyan-color has-text-color has-link-color has-medium-font-size wp-elements-12 wp-block-paragraph\"><strong><em><strong><strong><strong><strong><strong><strong><strong><strong><strong><strong><strong><strong><strong><strong><strong><strong><strong><strong><strong><strong><strong><strong><strong><strong><strong><strong><strong><strong><strong><strong><strong><strong><strong><strong>Arte, religi\u00f3n y cultura<\/strong><\/strong><\/strong><\/strong><\/strong><\/strong><\/strong><\/strong><\/strong><\/strong><\/strong><\/strong><\/strong><\/strong><\/strong><\/strong><\/strong><\/strong><\/strong><\/strong><\/strong><\/strong><\/strong><\/strong><\/strong><\/strong><\/strong><\/strong><\/strong><\/strong><\/strong><\/strong><\/strong><\/strong><\/em><\/strong><\/p>\n<\/div>\n\n\n\n<div class=\"wp-block-column is-vertically-aligned-bottom is-layout-flow wp-block-column-is-layout-flow\">\n<div class=\"wp-block-buttons is-content-justification-right is-layout-flex wp-container-core-buttons-is-layout-1029689a wp-block-buttons-is-layout-flex\">\n<div class=\"wp-block-button\"><a class=\"wp-block-button__link has-white-color has-black-background-color has-text-color has-background has-link-color wp-element-button\" href=\"https:\/\/ceceg.usac.edu.gt\/wp-content\/uploads\/2024\/06\/4-3.pdf\" style=\"border-radius:0px\" target=\"_blank\" rel=\"noreferrer noopener\">Descargar Documento PDF<\/a><\/div>\n<\/div>\n<\/div>\n<\/div>\n\n\n\n<h3 class=\"wp-block-heading has-white-color has-luminous-vivid-orange-background-color has-text-color has-background has-link-color wp-elements-13\" style=\"font-size:17px\"><strong>Autor:<\/strong> An\u00edbal Dionisio Chaj\u00f3n Flores \/ <strong>Investigador<\/strong><\/h3>\n\n\n\n<div class=\"wp-block-columns is-layout-flex wp-container-core-columns-is-layout-8f761849 wp-block-columns-is-layout-flex\">\n<div class=\"wp-block-column is-layout-flow wp-block-column-is-layout-flow\">\n<p class=\"has-vivid-cyan-blue-color has-text-color has-link-color wp-elements-14 wp-block-paragraph\"><strong><em>Publicado en <\/em>2006<\/strong><\/p>\n\n\n\n<h4 class=\"wp-block-heading\">Tema<\/h4>\n\n\n\n<p class=\"has-vivid-green-cyan-color has-text-color has-link-color has-medium-font-size wp-elements-15 wp-block-paragraph\"><strong><em><strong><strong><strong><strong><strong><strong><strong><strong><strong><strong><strong><strong><strong><strong><strong><strong><strong><strong><strong><strong><strong><strong><strong><strong><strong><strong><strong><strong><strong><strong><strong><strong><strong><strong><strong>Percepci\u00f3n de la cultura tradicional guatemalteca entre los docentes de nivel preprimario, primario, b\u00e1sico y diversificado en la ciudad de Guatemala, en 2004<\/strong><\/strong><\/strong><\/strong><\/strong><\/strong><\/strong><\/strong><\/strong><\/strong><\/strong><\/strong><\/strong><\/strong><\/strong><\/strong><\/strong><\/strong><\/strong><\/strong><\/strong><\/strong><\/strong><\/strong><\/strong><\/strong><\/strong><\/strong><\/strong><\/strong><\/strong><\/strong><\/strong><\/strong><\/strong><\/em><\/strong><\/p>\n<\/div>\n\n\n\n<div class=\"wp-block-column is-vertically-aligned-bottom is-layout-flow wp-block-column-is-layout-flow\">\n<div class=\"wp-block-buttons is-content-justification-right is-layout-flex wp-container-core-buttons-is-layout-1029689a wp-block-buttons-is-layout-flex\">\n<div class=\"wp-block-button\"><a class=\"wp-block-button__link has-white-color has-black-background-color has-text-color has-background has-link-color wp-element-button\" href=\"https:\/\/ceceg.usac.edu.gt\/wp-content\/uploads\/2024\/06\/5-3.pdf\" style=\"border-radius:0px\" target=\"_blank\" rel=\"noreferrer noopener\">Descargar Documento PDF<\/a><\/div>\n<\/div>\n<\/div>\n<\/div>\n\n\n\n<h3 class=\"wp-block-heading has-white-color has-luminous-vivid-orange-background-color has-text-color has-background has-link-color wp-elements-16\" style=\"font-size:17px\"><strong>Autor:<\/strong> Arturo Francisco Matas Oria \/ <strong>Investigador<\/strong><\/h3>\n\n\n\n<div class=\"wp-block-columns is-layout-flex wp-container-core-columns-is-layout-8f761849 wp-block-columns-is-layout-flex\">\n<div class=\"wp-block-column is-layout-flow wp-block-column-is-layout-flow\">\n<p class=\"has-vivid-cyan-blue-color has-text-color has-link-color wp-elements-17 wp-block-paragraph\"><strong><em>Publicado en <\/em>2006<\/strong><\/p>\n\n\n\n<h4 class=\"wp-block-heading\">Tema<\/h4>\n\n\n\n<p class=\"has-vivid-green-cyan-color has-text-color has-link-color has-medium-font-size wp-elements-18 wp-block-paragraph\"><strong><em><strong><strong><strong><strong><strong><strong><strong><strong><strong><strong><strong><strong><strong><strong><strong><strong><strong><strong><strong><strong><strong><strong><strong><strong><strong><strong><strong><strong><strong><strong><strong><strong><strong><strong><strong><strong>Microhistoria de San Andr\u00e9s Itzapa, municipio del departamento de Chimaltenango<\/strong><\/strong><\/strong><\/strong><\/strong><\/strong><\/strong><\/strong><\/strong><\/strong><\/strong><\/strong><\/strong><\/strong><\/strong><\/strong><\/strong><\/strong><\/strong><\/strong><\/strong><\/strong><\/strong><\/strong><\/strong><\/strong><\/strong><\/strong><\/strong><\/strong><\/strong><\/strong><\/strong><\/strong><\/strong><\/strong><\/em><\/strong><\/p>\n<\/div>\n\n\n\n<div class=\"wp-block-column is-vertically-aligned-bottom is-layout-flow wp-block-column-is-layout-flow\">\n<div class=\"wp-block-buttons is-content-justification-right is-layout-flex wp-container-core-buttons-is-layout-1029689a wp-block-buttons-is-layout-flex\">\n<div class=\"wp-block-button\"><a class=\"wp-block-button__link has-white-color has-black-background-color has-text-color has-background has-link-color wp-element-button\" href=\"https:\/\/ceceg.usac.edu.gt\/wp-content\/uploads\/2024\/06\/6-3.pdf\" style=\"border-radius:0px\" target=\"_blank\" rel=\"noreferrer noopener\">Descargar Documento PDF<\/a><\/div>\n<\/div>\n<\/div>\n<\/div>\n\n\n\n<h3 class=\"wp-block-heading has-white-color has-luminous-vivid-orange-background-color has-text-color has-background has-link-color wp-elements-19\" style=\"font-size:17px\"><strong>Autor:<\/strong> Ana Cecilia Flores \/ <strong>Invitada<\/strong><\/h3>\n\n\n\n<div class=\"wp-block-columns is-layout-flex wp-container-core-columns-is-layout-8f761849 wp-block-columns-is-layout-flex\">\n<div class=\"wp-block-column is-layout-flow wp-block-column-is-layout-flow\">\n<p class=\"has-vivid-cyan-blue-color has-text-color has-link-color wp-elements-20 wp-block-paragraph\"><strong><em>Publicado en <\/em>2006<\/strong><\/p>\n\n\n\n<h4 class=\"wp-block-heading\">Tema<\/h4>\n\n\n\n<p class=\"has-vivid-green-cyan-color has-text-color has-link-color has-medium-font-size wp-elements-21 wp-block-paragraph\"><strong><em><strong><strong><strong><strong><strong><strong><strong><strong><strong><strong><strong><strong><strong><strong><strong><strong><strong><strong><strong><strong><strong><strong><strong><strong><strong><strong><strong><strong><strong><strong><strong><strong><strong><strong><strong><strong><strong>Conceptos fundamentales del restaurador en Guatemala<\/strong><\/strong><\/strong><\/strong><\/strong><\/strong><\/strong><\/strong><\/strong><\/strong><\/strong><\/strong><\/strong><\/strong><\/strong><\/strong><\/strong><\/strong><\/strong><\/strong><\/strong><\/strong><\/strong><\/strong><\/strong><\/strong><\/strong><\/strong><\/strong><\/strong><\/strong><\/strong><\/strong><\/strong><\/strong><\/strong><\/strong><\/em><\/strong><\/p>\n<\/div>\n\n\n\n<div class=\"wp-block-column is-vertically-aligned-bottom is-layout-flow wp-block-column-is-layout-flow\">\n<div class=\"wp-block-buttons is-content-justification-right is-layout-flex wp-container-core-buttons-is-layout-1029689a wp-block-buttons-is-layout-flex\">\n<div class=\"wp-block-button\"><a class=\"wp-block-button__link has-white-color has-black-background-color has-text-color has-background has-link-color wp-element-button\" href=\"https:\/\/ceceg.usac.edu.gt\/wp-content\/uploads\/2024\/06\/7-3.pdf\" style=\"border-radius:0px\" target=\"_blank\" rel=\"noreferrer noopener\">Descargar Documento PDF<\/a><\/div>\n<\/div>\n<\/div>\n<\/div>\n\n\n\n<h3 class=\"wp-block-heading has-white-color has-luminous-vivid-orange-background-color has-text-color has-background has-link-color wp-elements-22\" style=\"font-size:17px\"><strong>Autor:<\/strong> Ricardo Dard\u00f3n Flores \/ <strong>Invitado<\/strong><\/h3>\n\n\n\n<div class=\"wp-block-columns is-layout-flex wp-container-core-columns-is-layout-8f761849 wp-block-columns-is-layout-flex\">\n<div class=\"wp-block-column is-layout-flow wp-block-column-is-layout-flow\">\n<p class=\"has-vivid-cyan-blue-color has-text-color has-link-color wp-elements-23 wp-block-paragraph\"><strong><em>Publicado en <\/em>2006<\/strong><\/p>\n\n\n\n<h4 class=\"wp-block-heading\">Tema<\/h4>\n\n\n\n<p class=\"has-vivid-green-cyan-color has-text-color has-link-color has-medium-font-size wp-elements-24 wp-block-paragraph\"><strong><em><strong><strong><strong><strong><strong><strong><strong><strong><strong><strong><strong><strong><strong><strong><strong><strong><strong><strong><strong><strong><strong><strong><strong><strong><strong><strong><strong><strong><strong><strong><strong><strong><strong><strong><strong><strong><strong><strong>La formaci\u00f3n de la naci\u00f3n guatemalteca y su car\u00e1cter excluyente: 1808-1821<\/strong><\/strong><\/strong><\/strong><\/strong><\/strong><\/strong><\/strong><\/strong><\/strong><\/strong><\/strong><\/strong><\/strong><\/strong><\/strong><\/strong><\/strong><\/strong><\/strong><\/strong><\/strong><\/strong><\/strong><\/strong><\/strong><\/strong><\/strong><\/strong><\/strong><\/strong><\/strong><\/strong><\/strong><\/strong><\/strong><\/strong><\/strong><\/em><\/strong><\/p>\n<\/div>\n\n\n\n<div class=\"wp-block-column is-vertically-aligned-bottom is-layout-flow wp-block-column-is-layout-flow\">\n<div class=\"wp-block-buttons is-content-justification-right is-layout-flex wp-container-core-buttons-is-layout-1029689a wp-block-buttons-is-layout-flex\">\n<div class=\"wp-block-button\"><a class=\"wp-block-button__link has-white-color has-black-background-color has-text-color has-background has-link-color wp-element-button\" href=\"https:\/\/ceceg.usac.edu.gt\/wp-content\/uploads\/2024\/06\/8-3.pdf\" style=\"border-radius:0px\" target=\"_blank\" rel=\"noreferrer noopener\">Descargar Documento PDF<\/a><\/div>\n<\/div>\n<\/div>\n<\/div>\n\n\n\n<h3 class=\"wp-block-heading has-white-color has-luminous-vivid-orange-background-color has-text-color has-background has-link-color wp-elements-25\" style=\"font-size:17px\"><strong>Autor:<\/strong> Carlos Navarrete C\u00e1ceres \/ <strong>Invitado<\/strong><\/h3>\n\n\n\n<div class=\"wp-block-columns is-layout-flex wp-container-core-columns-is-layout-8f761849 wp-block-columns-is-layout-flex\">\n<div class=\"wp-block-column is-layout-flow wp-block-column-is-layout-flow\">\n<p class=\"has-vivid-cyan-blue-color has-text-color has-link-color wp-elements-26 wp-block-paragraph\"><strong><em>Publicado en <\/em>2006<\/strong><\/p>\n\n\n\n<h4 class=\"wp-block-heading\">Tema<\/h4>\n\n\n\n<p class=\"has-vivid-green-cyan-color has-text-color has-link-color has-medium-font-size wp-elements-27 wp-block-paragraph\"><strong>Un moderno santuario al Cristo de Esquipulas: Choluteca, Honduras<\/strong><\/p>\n<\/div>\n\n\n\n<div class=\"wp-block-column is-vertically-aligned-bottom is-layout-flow wp-block-column-is-layout-flow\">\n<div class=\"wp-block-buttons is-content-justification-right is-layout-flex wp-container-core-buttons-is-layout-1029689a wp-block-buttons-is-layout-flex\">\n<div class=\"wp-block-button\"><a class=\"wp-block-button__link has-white-color has-black-background-color has-text-color has-background has-link-color wp-element-button\" href=\"https:\/\/ceceg.usac.edu.gt\/wp-content\/uploads\/2024\/06\/9-3.pdf\" style=\"border-radius:0px\" target=\"_blank\" rel=\"noreferrer noopener\">Descargar Documento PDF<\/a><\/div>\n<\/div>\n<\/div>\n<\/div>\n\n\n\n<h3 class=\"wp-block-heading has-white-color has-luminous-vivid-orange-background-color has-text-color has-background has-link-color wp-elements-28\" style=\"font-size:17px\"><strong>Autor:<\/strong> Luis Villar Anleu \/ <strong>Invitado<\/strong><\/h3>\n\n\n\n<div class=\"wp-block-columns is-layout-flex wp-container-core-columns-is-layout-8f761849 wp-block-columns-is-layout-flex\">\n<div class=\"wp-block-column is-layout-flow wp-block-column-is-layout-flow\">\n<p class=\"has-vivid-cyan-blue-color has-text-color has-link-color wp-elements-29 wp-block-paragraph\"><strong><em>Publicado en <\/em>2006<\/strong><\/p>\n\n\n\n<h4 class=\"wp-block-heading\">Tema<\/h4>\n\n\n\n<p class=\"has-vivid-green-cyan-color has-text-color has-link-color has-medium-font-size wp-elements-30 wp-block-paragraph\"><strong><strong>Simbolismos y magia de las aves en el Popol Wuj<\/strong><\/strong><\/p>\n<\/div>\n\n\n\n<div class=\"wp-block-column is-vertically-aligned-bottom is-layout-flow wp-block-column-is-layout-flow\">\n<div class=\"wp-block-buttons is-content-justification-right is-layout-flex wp-container-core-buttons-is-layout-1029689a wp-block-buttons-is-layout-flex\">\n<div class=\"wp-block-button\"><a class=\"wp-block-button__link has-white-color has-black-background-color has-text-color has-background has-link-color wp-element-button\" href=\"https:\/\/ceceg.usac.edu.gt\/wp-content\/uploads\/2024\/06\/10-3.pdf\" style=\"border-radius:0px\" target=\"_blank\" rel=\"noreferrer noopener\">Descargar Documento PDF<\/a><\/div>\n<\/div>\n<\/div>\n<\/div>\n\n\n\n<h3 class=\"wp-block-heading has-white-color has-luminous-vivid-orange-background-color has-text-color has-background has-link-color wp-elements-31\" style=\"font-size:17px\"><strong>Autor:<\/strong> Carlos Bail\u00f3n \/ <strong>Invitado<\/strong><\/h3>\n\n\n\n<div class=\"wp-block-columns is-layout-flex wp-container-core-columns-is-layout-8f761849 wp-block-columns-is-layout-flex\">\n<div class=\"wp-block-column is-layout-flow wp-block-column-is-layout-flow\">\n<p class=\"has-vivid-cyan-blue-color has-text-color has-link-color wp-elements-32 wp-block-paragraph\"><strong><em>Publicado en <\/em>2006<\/strong><\/p>\n\n\n\n<h4 class=\"wp-block-heading\">Tema<\/h4>\n\n\n\n<p class=\"has-vivid-green-cyan-color has-text-color has-link-color has-medium-font-size wp-elements-33 wp-block-paragraph\"><strong><strong><strong>La Tradici\u00f3n de La Feria<\/strong><\/strong><\/strong><\/p>\n<\/div>\n\n\n\n<div class=\"wp-block-column is-vertically-aligned-bottom is-layout-flow wp-block-column-is-layout-flow\">\n<div class=\"wp-block-buttons is-content-justification-right is-layout-flex wp-container-core-buttons-is-layout-1029689a wp-block-buttons-is-layout-flex\">\n<div class=\"wp-block-button\"><a class=\"wp-block-button__link has-white-color has-black-background-color has-text-color has-background has-link-color wp-element-button\" href=\"https:\/\/ceceg.usac.edu.gt\/wp-content\/uploads\/2024\/06\/11-3.pdf\" style=\"border-radius:0px\" target=\"_blank\" rel=\"noreferrer noopener\">Descargar Documento PDF<\/a><\/div>\n<\/div>\n<\/div>\n<\/div>\n\n\n\n<h3 class=\"wp-block-heading has-white-color has-luminous-vivid-orange-background-color has-text-color has-background has-link-color wp-elements-34\" style=\"font-size:17px\"><strong>Autor:<\/strong> Fernando Urquiz\u00fa \/ <strong>Investigador<\/strong><\/h3>\n\n\n\n<div class=\"wp-block-columns is-layout-flex wp-container-core-columns-is-layout-8f761849 wp-block-columns-is-layout-flex\">\n<div class=\"wp-block-column is-layout-flow wp-block-column-is-layout-flow\">\n<p class=\"has-vivid-cyan-blue-color has-text-color has-link-color wp-elements-35 wp-block-paragraph\"><strong><em>Publicado en <\/em>2006<\/strong><\/p>\n\n\n\n<h4 class=\"wp-block-heading\">Tema<\/h4>\n\n\n\n<p class=\"has-vivid-green-cyan-color has-text-color has-link-color has-medium-font-size wp-elements-36 wp-block-paragraph\"><strong><strong><strong><strong>Las joyas del se\u00f1or sepultado de San Felipe<\/strong><\/strong><\/strong><\/strong><\/p>\n<\/div>\n\n\n\n<div class=\"wp-block-column is-vertically-aligned-bottom is-layout-flow wp-block-column-is-layout-flow\">\n<div class=\"wp-block-buttons is-content-justification-right is-layout-flex wp-container-core-buttons-is-layout-1029689a wp-block-buttons-is-layout-flex\">\n<div class=\"wp-block-button\"><a class=\"wp-block-button__link has-white-color has-black-background-color has-text-color has-background has-link-color wp-element-button\" href=\"https:\/\/ceceg.usac.edu.gt\/wp-content\/uploads\/2024\/06\/12-3.pdf\" style=\"border-radius:0px\" target=\"_blank\" rel=\"noreferrer noopener\">Descargar Documento PDF<\/a><\/div>\n<\/div>\n<\/div>\n<\/div>\n\n\n\n<h3 class=\"wp-block-heading has-white-color has-luminous-vivid-orange-background-color has-text-color has-background has-link-color wp-elements-37\" style=\"font-size:17px\"><strong>Autor:<\/strong> Carlos Ren\u00e9 Garc\u00eda Escobar \/ <strong>Investigador<\/strong><\/h3>\n\n\n\n<div class=\"wp-block-columns is-layout-flex wp-container-core-columns-is-layout-8f761849 wp-block-columns-is-layout-flex\">\n<div class=\"wp-block-column is-layout-flow wp-block-column-is-layout-flow\">\n<p class=\"has-vivid-cyan-blue-color has-text-color has-link-color wp-elements-38 wp-block-paragraph\"><strong><em>Publicado en <\/em>2006<\/strong><\/p>\n\n\n\n<h4 class=\"wp-block-heading\">Tema<\/h4>\n\n\n\n<p class=\"has-vivid-green-cyan-color has-text-color has-link-color has-medium-font-size wp-elements-39 wp-block-paragraph\"><strong><strong><strong><strong><strong>Venta y consumo de artesan\u00edas en la Regi\u00f3n central de Guatemala<\/strong><\/strong><\/strong><\/strong><\/strong><\/p>\n<\/div>\n\n\n\n<div class=\"wp-block-column is-vertically-aligned-bottom is-layout-flow wp-block-column-is-layout-flow\">\n<div class=\"wp-block-buttons is-content-justification-right is-layout-flex wp-container-core-buttons-is-layout-1029689a wp-block-buttons-is-layout-flex\">\n<div class=\"wp-block-button\"><a class=\"wp-block-button__link has-white-color has-black-background-color has-text-color has-background has-link-color wp-element-button\" href=\"https:\/\/ceceg.usac.edu.gt\/wp-content\/uploads\/2024\/06\/13-3.pdf\" style=\"border-radius:0px\" target=\"_blank\" rel=\"noreferrer noopener\">Descargar Documento PDF<\/a><\/div>\n<\/div>\n<\/div>\n<\/div>\n","protected":false},"excerpt":{"rendered":"<p>Autor: Celso Arnoldo Lara Figueroa \/ Investigador Publicado en 2006 Tema La investigaci\u00f3n en la Universidad de San Carlos de Guatemala, La DIGI y su contexto hist\u00f3rico. Autor: Carlos Ren\u00e9 Garc\u00eda Escobar \/ Investigador Publicado en 2006 Tema Acerca de la est\u00e9tica en la danza tradicional del sur de Mesoam\u00e9rica Autor: Aracely Esquivel V\u00e1squez \/ [&hellip;]<\/p>\n","protected":false},"author":2,"featured_media":2711,"comment_status":"closed","ping_status":"closed","sticky":false,"template":"","format":"standard","meta":{"footnotes":""},"categories":[9],"tags":[],"class_list":["post-2710","post","type-post","status-publish","format-standard","has-post-thumbnail","category-revistatradicionesdeguatemala","czr-hentry"],"_links":{"self":[{"href":"https:\/\/ceceg.usac.edu.gt\/index.php\/wp-json\/wp\/v2\/posts\/2710","targetHints":{"allow":["GET"]}}],"collection":[{"href":"https:\/\/ceceg.usac.edu.gt\/index.php\/wp-json\/wp\/v2\/posts"}],"about":[{"href":"https:\/\/ceceg.usac.edu.gt\/index.php\/wp-json\/wp\/v2\/types\/post"}],"author":[{"embeddable":true,"href":"https:\/\/ceceg.usac.edu.gt\/index.php\/wp-json\/wp\/v2\/users\/2"}],"replies":[{"embeddable":true,"href":"https:\/\/ceceg.usac.edu.gt\/index.php\/wp-json\/wp\/v2\/comments?post=2710"}],"version-history":[{"count":20,"href":"https:\/\/ceceg.usac.edu.gt\/index.php\/wp-json\/wp\/v2\/posts\/2710\/revisions"}],"predecessor-version":[{"id":2755,"href":"https:\/\/ceceg.usac.edu.gt\/index.php\/wp-json\/wp\/v2\/posts\/2710\/revisions\/2755"}],"wp:featuredmedia":[{"embeddable":true,"href":"https:\/\/ceceg.usac.edu.gt\/index.php\/wp-json\/wp\/v2\/media\/2711"}],"wp:attachment":[{"href":"https:\/\/ceceg.usac.edu.gt\/index.php\/wp-json\/wp\/v2\/media?parent=2710"}],"wp:term":[{"taxonomy":"category","embeddable":true,"href":"https:\/\/ceceg.usac.edu.gt\/index.php\/wp-json\/wp\/v2\/categories?post=2710"},{"taxonomy":"post_tag","embeddable":true,"href":"https:\/\/ceceg.usac.edu.gt\/index.php\/wp-json\/wp\/v2\/tags?post=2710"}],"curies":[{"name":"wp","href":"https:\/\/api.w.org\/{rel}","templated":true}]}}